{"id":2414,"date":"2024-12-05T10:51:36","date_gmt":"2024-12-05T09:51:36","guid":{"rendered":"https:\/\/leschiffonniersmorlaix.fr\/?p=2414"},"modified":"2024-12-05T11:36:28","modified_gmt":"2024-12-05T10:36:28","slug":"grande-vente-13-et-14-decembre-2024","status":"publish","type":"post","link":"https:\/\/leschiffonniersmorlaix.fr\/?p=2414","title":{"rendered":"Grande vente 13 et 14 d\u00e9cembre 2024"},"content":{"rendered":"\n<figure class=\"wp-block-image size-large\"><img loading=\"lazy\" decoding=\"async\" width=\"724\" height=\"1024\" src=\"https:\/\/leschiffonniersmorlaix.fr\/wp-content\/uploads\/2024\/12\/CHIFFONNIERS-DE-LA-JOIE-GV-Hiver-724x1024.jpg\" alt=\"\" class=\"wp-image-2415\" srcset=\"https:\/\/leschiffonniersmorlaix.fr\/wp-content\/uploads\/2024\/12\/CHIFFONNIERS-DE-LA-JOIE-GV-Hiver-724x1024.jpg 724w, https:\/\/leschiffonniersmorlaix.fr\/wp-content\/uploads\/2024\/12\/CHIFFONNIERS-DE-LA-JOIE-GV-Hiver-212x300.jpg 212w, https:\/\/leschiffonniersmorlaix.fr\/wp-content\/uploads\/2024\/12\/CHIFFONNIERS-DE-LA-JOIE-GV-Hiver-768x1086.jpg 768w, https:\/\/leschiffonniersmorlaix.fr\/wp-content\/uploads\/2024\/12\/CHIFFONNIERS-DE-LA-JOIE-GV-Hiver-1086x1536.jpg 1086w, https:\/\/leschiffonniersmorlaix.fr\/wp-content\/uploads\/2024\/12\/CHIFFONNIERS-DE-LA-JOIE-GV-Hiver-1448x2048.jpg 1448w, https:\/\/leschiffonniersmorlaix.fr\/wp-content\/uploads\/2024\/12\/CHIFFONNIERS-DE-LA-JOIE-GV-Hiver-1200x1698.jpg 1200w, https:\/\/leschiffonniersmorlaix.fr\/wp-content\/uploads\/2024\/12\/CHIFFONNIERS-DE-LA-JOIE-GV-Hiver.jpg 1587w\" sizes=\"auto, (max-width: 709px) 85vw, (max-width: 909px) 67vw, (max-width: 984px) 61vw, (max-width: 1362px) 45vw, 600px\" \/><\/figure>\n\n\n\n<p>Calendrier :<\/p>\n\n\n\n<p>&#8211; -50% sur l\u2019ensemble du magasin \u00e0 compter du samedi 30 novembre jusqu\u2019au mercredi 04 d\u00e9cembre ! <img loading=\"lazy\" decoding=\"async\" height=\"16\" width=\"16\" alt=\"\ud83c\udf81\" src=\"https:\/\/static.xx.fbcdn.net\/images\/emoji.php\/v9\/t84\/1\/16\/1f381.png\"><\/p>\n\n\n\n<p>&#8211; A compter du jeudi 05 d\u00e9cembre, tout doit dispara\u00eetre ! Jusqu\u2019au samedi 07 d\u00e9cembre, c\u2019est vous qui faites votre prix (sauf le rayon bouquins\/disques qui s\u00e9lectionne les articles \u00e0 prix libre) ! Vous choisissez, en fonction de vos moyens !! L\u2019\u00e9quipe vous aiguillera si besoin !<\/p>\n\n\n\n<p>Les d\u00e9p\u00f4ts ne seront plus possibles \u00e0 compter du 4\/12!<\/p>\n\n\n\n<p>&#8211; Fermeture du mardi 09 d\u00e9cembre au jeudi 12 d\u00e9cembre ! Nous pr\u00e9parons la Grande vente !<\/p>\n\n\n\n<p>VENDREDI 13 ET SAMEDI 14 en continu de 10h \u00e0 18h: NOUS SERONS PR\u00caTS POUR VOS ACCUEILLIR NOMBREUX dans un magasin enti\u00e8rement r\u00e9assorti, avec, en prime, quelques surprises\u2026.<img loading=\"lazy\" decoding=\"async\" height=\"16\" width=\"16\" alt=\"\ud83e\udd73\" src=\"https:\/\/static.xx.fbcdn.net\/images\/emoji.php\/v9\/t6d\/1\/16\/1f973.png\"><\/p>\n\n\n\n<p>Le P\u00e8re No\u00ebl recevra les enfants pour un moment f\u00e9\u00e9rique toute la journ\u00e9e du samedi ! <img loading=\"lazy\" decoding=\"async\" height=\"16\" width=\"16\" src=\"https:\/\/static.xx.fbcdn.net\/images\/emoji.php\/v9\/t88\/1\/16\/1f385.png\" alt=\"\ud83c\udf85\"><\/p>\n\n\n\n<p>Vous pourrez \u00e9galement vous restaurer gr\u00e2ce \u00e0 la pr\u00e9sence de <a href=\"https:\/\/www.facebook.com\/profile.php?id=61565423351559&amp;__cft__[0]=AZUfwHYnVW6aB-Jrn67WK_X-ts3hEuP1dRWxdpN2I7hmBiGOCDI7XAXtzHg7iuXHA1NoQEOV_Hdzp-lAKOQyl8R3mUEl8ZekInJprLgTtJ3rK0bvpeOjnnpProtYtAn0Ew-t_t9ePlro12uO_TyUUppzJgwqe3juTBrz1O0YLkmrQ4FkOlKx3ppLfBJ07ifdIiI&amp;__tn__=-]K-R\">On perd pas l&rsquo;Nord<\/a> le vendredi et samedi, <a href=\"https:\/\/www.facebook.com\/MimeetsesMachines?__cft__[0]=AZUfwHYnVW6aB-Jrn67WK_X-ts3hEuP1dRWxdpN2I7hmBiGOCDI7XAXtzHg7iuXHA1NoQEOV_Hdzp-lAKOQyl8R3mUEl8ZekInJprLgTtJ3rK0bvpeOjnnpProtYtAn0Ew-t_t9ePlro12uO_TyUUppzJgwqe3juTBrz1O0YLkmrQ4FkOlKx3ppLfBJ07ifdIiI&amp;__tn__=-]K-R\">Mime et ses Machines<\/a> le vendredi et <a href=\"https:\/\/www.facebook.com\/groups\/lesutopistes.en.action\/?__cft__[0]=AZUfwHYnVW6aB-Jrn67WK_X-ts3hEuP1dRWxdpN2I7hmBiGOCDI7XAXtzHg7iuXHA1NoQEOV_Hdzp-lAKOQyl8R3mUEl8ZekInJprLgTtJ3rK0bvpeOjnnpProtYtAn0Ew-t_t9ePlro12uO_TyUUppzJgwqe3juTBrz1O0YLkmrQ4FkOlKx3ppLfBJ07ifdIiI&amp;__tn__=-UK-R\">Les utopistes en action<\/a> le samedi\u2026.<img loading=\"lazy\" decoding=\"async\" height=\"16\" width=\"16\" alt=\"\ud83c\udf82\" src=\"https:\/\/static.xx.fbcdn.net\/images\/emoji.php\/v9\/t5\/1\/16\/1f382.png\"><img loading=\"lazy\" decoding=\"async\" height=\"16\" width=\"16\" alt=\"\ud83c\udf54\" src=\"https:\/\/static.xx.fbcdn.net\/images\/emoji.php\/v9\/t2a\/1\/16\/1f354.png\"><img loading=\"lazy\" decoding=\"async\" height=\"16\" width=\"16\" alt=\"\ud83c\udf5f\" src=\"https:\/\/static.xx.fbcdn.net\/images\/emoji.php\/v9\/t5c\/1\/16\/1f35f.png\"><\/p>\n","protected":false},"excerpt":{"rendered":"<p>Calendrier : &#8211; -50% sur l\u2019ensemble du magasin \u00e0 compter du samedi 30 novembre jusqu\u2019au mercredi 04 d\u00e9cembre ! &#8211; A compter du jeudi 05 d\u00e9cembre, tout doit dispara\u00eetre ! Jusqu\u2019au samedi 07 d\u00e9cembre, c\u2019est vous qui faites votre prix (sauf le rayon bouquins\/disques qui s\u00e9lectionne les articles \u00e0 prix libre) ! Vous choisissez, en &hellip; <a href=\"https:\/\/leschiffonniersmorlaix.fr\/?p=2414\" class=\"more-link\">Continuer la lecture<span class=\"screen-reader-text\"> de &laquo;&nbsp;Grande vente 13 et 14 d\u00e9cembre 2024&nbsp;&raquo;<\/span><\/a><\/p>\n","protected":false},"author":1,"featured_media":0,"comment_status":"closed","ping_status":"","sticky":false,"template":"","format":"standard","meta":{"_jetpack_memberships_contains_paid_content":false,"footnotes":""},"categories":[1],"tags":[],"class_list":["post-2414","post","type-post","status-publish","format-standard","hentry","category-non-classe"],"jetpack_featured_media_url":"","jetpack_sharing_enabled":true,"_links":{"self":[{"href":"https:\/\/leschiffonniersmorlaix.fr\/index.php?rest_route=\/wp\/v2\/posts\/2414","targetHints":{"allow":["GET"]}}],"collection":[{"href":"https:\/\/leschiffonniersmorlaix.fr\/index.php?rest_route=\/wp\/v2\/posts"}],"about":[{"href":"https:\/\/leschiffonniersmorlaix.fr\/index.php?rest_route=\/wp\/v2\/types\/post"}],"author":[{"embeddable":true,"href":"https:\/\/leschiffonniersmorlaix.fr\/index.php?rest_route=\/wp\/v2\/users\/1"}],"replies":[{"embeddable":true,"href":"https:\/\/leschiffonniersmorlaix.fr\/index.php?rest_route=%2Fwp%2Fv2%2Fcomments&post=2414"}],"version-history":[{"count":2,"href":"https:\/\/leschiffonniersmorlaix.fr\/index.php?rest_route=\/wp\/v2\/posts\/2414\/revisions"}],"predecessor-version":[{"id":2423,"href":"https:\/\/leschiffonniersmorlaix.fr\/index.php?rest_route=\/wp\/v2\/posts\/2414\/revisions\/2423"}],"wp:attachment":[{"href":"https:\/\/leschiffonniersmorlaix.fr\/index.php?rest_route=%2Fwp%2Fv2%2Fmedia&parent=2414"}],"wp:term":[{"taxonomy":"category","embeddable":true,"href":"https:\/\/leschiffonniersmorlaix.fr\/index.php?rest_route=%2Fwp%2Fv2%2Fcategories&post=2414"},{"taxonomy":"post_tag","embeddable":true,"href":"https:\/\/leschiffonniersmorlaix.fr\/index.php?rest_route=%2Fwp%2Fv2%2Ftags&post=2414"}],"curies":[{"name":"wp","href":"https:\/\/api.w.org\/{rel}","templated":true}]}}